{"id":1256,"date":"2020-04-20T00:56:18","date_gmt":"2020-04-20T00:56:18","guid":{"rendered":"http:\/\/mamimimaestra.com\/?p=1256"},"modified":"2020-04-20T01:29:13","modified_gmt":"2020-04-20T01:29:13","slug":"1256","status":"publish","type":"post","link":"https:\/\/mamimimaestra.com\/?p=1256","title":{"rendered":"Regulaci\u00f3n emocional &#8211; gesti\u00f3n de la rabia en ni\u00f1os."},"content":{"rendered":"\n<figure class=\"wp-block-image size-large\"><img loading=\"lazy\" width=\"1024\" height=\"1024\" src=\"http:\/\/mamimimaestra.com\/wp-content\/uploads\/2020\/04\/IMG_2956-1024x1024.png\" alt=\"\" class=\"wp-image-1258\" srcset=\"https:\/\/mamimimaestra.com\/wp-content\/uploads\/2020\/04\/IMG_2956-1024x1024.png 1024w, https:\/\/mamimimaestra.com\/wp-content\/uploads\/2020\/04\/IMG_2956-300x300.png 300w, https:\/\/mamimimaestra.com\/wp-content\/uploads\/2020\/04\/IMG_2956-150x150.png 150w, https:\/\/mamimimaestra.com\/wp-content\/uploads\/2020\/04\/IMG_2956-768x768.png 768w, https:\/\/mamimimaestra.com\/wp-content\/uploads\/2020\/04\/IMG_2956-1536x1536.png 1536w, https:\/\/mamimimaestra.com\/wp-content\/uploads\/2020\/04\/IMG_2956-2048x2048.png 2048w, https:\/\/mamimimaestra.com\/wp-content\/uploads\/2020\/04\/IMG_2956-1140x1140.png 1140w, https:\/\/mamimimaestra.com\/wp-content\/uploads\/2020\/04\/IMG_2956-75x75.png 75w\" sizes=\"(max-width: 1024px) 100vw, 1024px\" \/><\/figure>\n\n\n\n<p>Hola a todos, espero que est\u00e9is todos muy bien. Es cierto que transitamos un mundo ahora mismo muy ca\u00f3tico y lleno de cosas inesperadas, pero esa es la vida, la vida es devenir.<\/p>\n\n\n\n<p>Durante esta cuarentena, he ido notando como en momentos muy puntuales, los peque\u00f1os manifestaban una serie de emociones muy intensas, pod\u00edan estar jugando muy tranquilos y de repente el m\u00e1s m\u00ednimo cambio, los alteraba y el mayor incluso, momentos&nbsp;extremos&nbsp;de rabia, frustraci\u00f3n, ira etc.<\/p>\n\n\n\n<p>                Todo ello, me hizo reflexionar y sentir la necesidad de proveer de alg\u00fan material que pudiera aliviar esa sensaci\u00f3n tan intensa que ten\u00edan.<\/p>\n\n\n\n<figure class=\"wp-block-image size-large\"><img loading=\"lazy\" width=\"1024\" height=\"268\" src=\"http:\/\/mamimimaestra.com\/wp-content\/uploads\/2020\/04\/Regulaci\u00f3n-Emocional-1024x268.jpg\" alt=\"\" class=\"wp-image-1263\" srcset=\"https:\/\/mamimimaestra.com\/wp-content\/uploads\/2020\/04\/Regulaci\u00f3n-Emocional-1024x268.jpg 1024w, https:\/\/mamimimaestra.com\/wp-content\/uploads\/2020\/04\/Regulaci\u00f3n-Emocional-300x78.jpg 300w, https:\/\/mamimimaestra.com\/wp-content\/uploads\/2020\/04\/Regulaci\u00f3n-Emocional-768x201.jpg 768w, https:\/\/mamimimaestra.com\/wp-content\/uploads\/2020\/04\/Regulaci\u00f3n-Emocional-1536x402.jpg 1536w, https:\/\/mamimimaestra.com\/wp-content\/uploads\/2020\/04\/Regulaci\u00f3n-Emocional-1140x298.jpg 1140w, https:\/\/mamimimaestra.com\/wp-content\/uploads\/2020\/04\/Regulaci\u00f3n-Emocional.jpg 1556w\" sizes=\"(max-width: 1024px) 100vw, 1024px\" \/><\/figure>\n\n\n\n<h4 class=\"has-vivid-cyan-blue-color has-text-color\">            En casa ya utilizamos <strong>el rinc\u00f3n de la calma<\/strong>, para bajar el nivel de activaci\u00f3n que se produce ante emociones tan intensas como la rabia, la ira, la frustraci\u00f3n, nos funciona muy bien, pero durante la normalidad, durante este estado de alarma en el que estamos las 24 horas de los 7 d\u00edas de la semana encerrados entre las mismas cuatro paredes, las emociones se intensifican, se agudizan y no contamos con las mismas herramientas que cuando estamos en \u201clibertad\u201d como: el deporte, juegos al aire libre, los juegos cooperativos con otros amigos, la conexi\u00f3n con la naturaleza etc<\/h4>\n\n\n\n<h4>              As\u00ed que d<strong>ecid\u00ed crear el \u201cRinc\u00f3n de la ira\u201d<\/strong> realmente son actividades sensoriales que a\u00f1adiremos a nuestro rinc\u00f3n de las emociones.<\/h4>\n\n\n\n<h5 class=\"has-very-dark-gray-color has-text-color\">                Suena loco lo s\u00e9, pero es necesario, por lo menos para mi, que como os digo RECONOZCO que nos ha pasado y NO estamos haciendo las cosas mal aunque tengamos esos momentos tan intesos. No pasa nada por que un ni\u00f1o tenga un desborde emocional, pasa si no sabemos ayudarle y proporcionarle una contenci\u00f3n adecuada.<\/h5>\n\n\n\n<figure class=\"wp-block-image size-large\"><img loading=\"lazy\" width=\"1024\" height=\"831\" src=\"http:\/\/mamimimaestra.com\/wp-content\/uploads\/2020\/04\/image-1024x831.png\" alt=\"\" class=\"wp-image-1265\" srcset=\"https:\/\/mamimimaestra.com\/wp-content\/uploads\/2020\/04\/image-1024x831.png 1024w, https:\/\/mamimimaestra.com\/wp-content\/uploads\/2020\/04\/image-300x244.png 300w, https:\/\/mamimimaestra.com\/wp-content\/uploads\/2020\/04\/image-768x624.png 768w, https:\/\/mamimimaestra.com\/wp-content\/uploads\/2020\/04\/image-1140x926.png 1140w, https:\/\/mamimimaestra.com\/wp-content\/uploads\/2020\/04\/image.png 1287w\" sizes=\"(max-width: 1024px) 100vw, 1024px\" \/><\/figure>\n\n\n\n<h4>               Es de vital importancia legitimar la expresi\u00f3n de esta emoci\u00f3n ya que la tenemos muy negada, en seguida tendemos a se\u00f1alar: \u201c es que se porta mal\u201d, \u201ces que tiene pataletas\u201d<\/h4>\n\n\n\n<h4>               Mediante este recurso estamos permitiendo que el ni\u00f1o se sienta en un ambiente seguro para poder experimentar todo el abanico de emociones que el ser humano posee, si nadie me contiene, me siento en peligro y lo m\u00e1s seguro es que me quiera defender, lo que se convertir\u00e1 en un facilitador para la agresividad.<\/h4>\n\n\n\n<h4>               Por otro lado, si yo permito la expresi\u00f3n de esta emoci\u00f3n mi cerebro esta entendiendo que puedo PROCESAR esa emoci\u00f3n, pero si la niego, se queda como si no fuera algo m\u00edo, algo que estoy viviendo y me fragmento, por un lado entre una parte que se identifica con que no quiero estar enfadado y otra con que s\u00ed, lo que se convierte en una lucha interna, que queda en el incosciente y sabemos que todo lo que subyace en \u00e9l, tiende a salir y no de las mejores formas, hay que elevar al nivel de consciencia todo lo que experimentamos y vivimos.&nbsp;Lo que se hace inconsciente nos acaba dominando.<\/h4>\n\n\n\n<h4>              Pero si reconozco esa emoci\u00f3n, si le doy nombre, si la abrazo, permito a mi cerebro que se integre, que la pueda \u201cetiquetar\u201d, que pueda saber a que situaci\u00f3n se enfrenta y de esa forma crear redes neuronales que puedan modular la manifestaci\u00f3n emocional intensa de la RABIA en este caso.<\/h4>\n\n\n\n<h4>             Todo esto crea una fuente de autoestima y de salud mental en nuestros ni\u00f1os, al conocer nuestras emociones y PERMITIR que todas se expresen y APRENDER a modularlas o regularlas, es una herramienta para la vida, que siempre que echen mano les va a resultar de gran utilidad, como le dec\u00eda yo a mi hijo cuando le explicaba el nuevo rinc\u00f3n: \u201cojala y yo hubiese tenido alguien en mi infancia que velara por mi bienestar emocional des esta forma y me hubiese ense\u00f1ado todo esto, no hubiese tenido que aprender de los errores que he ido cometiendo durante toda mi vida y que sigo aprendiendo de ellos\u201d.<\/h4>\n\n\n\n<h4>Por ello este rinc\u00f3n les sirve para cuatro cosas:<\/h4>\n\n\n\n<figure class=\"wp-block-image size-large\"><img loading=\"lazy\" width=\"724\" height=\"1024\" src=\"http:\/\/mamimimaestra.com\/wp-content\/uploads\/2020\/04\/Expresar-su-rabia-de-forma-explicita-en-el-momento-en-el-que-la-experimentan.-No-reprimirla-2-724x1024.jpg\" alt=\"\" class=\"wp-image-1267\" srcset=\"https:\/\/mamimimaestra.com\/wp-content\/uploads\/2020\/04\/Expresar-su-rabia-de-forma-explicita-en-el-momento-en-el-que-la-experimentan.-No-reprimirla-2-724x1024.jpg 724w, https:\/\/mamimimaestra.com\/wp-content\/uploads\/2020\/04\/Expresar-su-rabia-de-forma-explicita-en-el-momento-en-el-que-la-experimentan.-No-reprimirla-2-212x300.jpg 212w, https:\/\/mamimimaestra.com\/wp-content\/uploads\/2020\/04\/Expresar-su-rabia-de-forma-explicita-en-el-momento-en-el-que-la-experimentan.-No-reprimirla-2-768x1086.jpg 768w, https:\/\/mamimimaestra.com\/wp-content\/uploads\/2020\/04\/Expresar-su-rabia-de-forma-explicita-en-el-momento-en-el-que-la-experimentan.-No-reprimirla-2-1086x1536.jpg 1086w, https:\/\/mamimimaestra.com\/wp-content\/uploads\/2020\/04\/Expresar-su-rabia-de-forma-explicita-en-el-momento-en-el-que-la-experimentan.-No-reprimirla-2-1448x2048.jpg 1448w, https:\/\/mamimimaestra.com\/wp-content\/uploads\/2020\/04\/Expresar-su-rabia-de-forma-explicita-en-el-momento-en-el-que-la-experimentan.-No-reprimirla-2-1140x1613.jpg 1140w, https:\/\/mamimimaestra.com\/wp-content\/uploads\/2020\/04\/Expresar-su-rabia-de-forma-explicita-en-el-momento-en-el-que-la-experimentan.-No-reprimirla-2.jpg 1587w\" sizes=\"(max-width: 724px) 100vw, 724px\" \/><\/figure>\n\n\n\n<h2>\u00bfQu\u00e9 recursos terap\u00e9uticos podemos utilizar?<\/h2>\n\n\n\n<figure class=\"wp-block-image size-large\"><img loading=\"lazy\" width=\"737\" height=\"1024\" src=\"http:\/\/mamimimaestra.com\/wp-content\/uploads\/2020\/04\/IMG_3023-1-737x1024.jpg\" alt=\"\" class=\"wp-image-1273\" srcset=\"https:\/\/mamimimaestra.com\/wp-content\/uploads\/2020\/04\/IMG_3023-1-737x1024.jpg 737w, https:\/\/mamimimaestra.com\/wp-content\/uploads\/2020\/04\/IMG_3023-1-216x300.jpg 216w, https:\/\/mamimimaestra.com\/wp-content\/uploads\/2020\/04\/IMG_3023-1.jpg 750w\" sizes=\"(max-width: 737px) 100vw, 737px\" \/><\/figure>\n\n\n\n<div class=\"wp-block-media-text alignwide is-stacked-on-mobile\"><figure class=\"wp-block-media-text__media\"><img loading=\"lazy\" width=\"750\" height=\"784\" src=\"http:\/\/mamimimaestra.com\/wp-content\/uploads\/2020\/04\/IMG_2994.jpg\" alt=\"\" class=\"wp-image-1270\" srcset=\"https:\/\/mamimimaestra.com\/wp-content\/uploads\/2020\/04\/IMG_2994.jpg 750w, https:\/\/mamimimaestra.com\/wp-content\/uploads\/2020\/04\/IMG_2994-287x300.jpg 287w\" sizes=\"(max-width: 750px) 100vw, 750px\" \/><\/figure><div class=\"wp-block-media-text__content\">\n<figure class=\"wp-block-image size-large is-resized\"><img loading=\"lazy\" src=\"http:\/\/mamimimaestra.com\/wp-content\/uploads\/2020\/04\/IMG_2995-1.jpg\" alt=\"\" class=\"wp-image-1274\" width=\"279\" height=\"284\" srcset=\"https:\/\/mamimimaestra.com\/wp-content\/uploads\/2020\/04\/IMG_2995-1.jpg 750w, https:\/\/mamimimaestra.com\/wp-content\/uploads\/2020\/04\/IMG_2995-1-294x300.jpg 294w, https:\/\/mamimimaestra.com\/wp-content\/uploads\/2020\/04\/IMG_2995-1-75x75.jpg 75w\" sizes=\"(max-width: 279px) 100vw, 279px\" \/><\/figure>\n\n\n\n<figure class=\"wp-block-image size-large\"><img loading=\"lazy\" width=\"750\" height=\"744\" src=\"http:\/\/mamimimaestra.com\/wp-content\/uploads\/2020\/04\/IMG_3001.jpg\" alt=\"\" class=\"wp-image-1276\" srcset=\"https:\/\/mamimimaestra.com\/wp-content\/uploads\/2020\/04\/IMG_3001.jpg 750w, https:\/\/mamimimaestra.com\/wp-content\/uploads\/2020\/04\/IMG_3001-300x298.jpg 300w, https:\/\/mamimimaestra.com\/wp-content\/uploads\/2020\/04\/IMG_3001-150x150.jpg 150w, https:\/\/mamimimaestra.com\/wp-content\/uploads\/2020\/04\/IMG_3001-75x75.jpg 75w\" sizes=\"(max-width: 750px) 100vw, 750px\" \/><\/figure>\n<\/div><\/div>\n\n\n\n<h2 class=\"has-text-align-center\"><strong>El primer paso es el reconocimiento de aquello que nos pasa en nuestra dimensi\u00f3n emocional para poder expresarlo sinceramente y transformarlo en energ\u00eda positiva.Desde peque\u00f1os podemos realizar este valioso entrenamiento.<\/strong><\/h2>\n\n\n\n<p>Espero que os haya gustado el post, si os ha gustado que lo pod\u00e1is compartir.<\/p>\n\n\n\n<h2>Seguidme en <a href=\"https:\/\/instagram.com\/joypq.mommy\">Instagram<\/a> para ver el video completo y actividades que hacemos en el d\u00eda a d\u00eda.<\/h2>\n\n\n\n<p><\/p>\n\n\n\n<div class=\"wp-block-image\"><figure class=\"aligncenter size-medium\"><img loading=\"lazy\" width=\"300\" height=\"300\" src=\"http:\/\/mamimimaestra.com\/wp-content\/uploads\/2020\/04\/IMG_2835-300x300.png\" alt=\"\" class=\"wp-image-1277\" srcset=\"https:\/\/mamimimaestra.com\/wp-content\/uploads\/2020\/04\/IMG_2835-300x300.png 300w, https:\/\/mamimimaestra.com\/wp-content\/uploads\/2020\/04\/IMG_2835-1024x1024.png 1024w, https:\/\/mamimimaestra.com\/wp-content\/uploads\/2020\/04\/IMG_2835-150x150.png 150w, https:\/\/mamimimaestra.com\/wp-content\/uploads\/2020\/04\/IMG_2835-768x768.png 768w, https:\/\/mamimimaestra.com\/wp-content\/uploads\/2020\/04\/IMG_2835-1536x1536.png 1536w, https:\/\/mamimimaestra.com\/wp-content\/uploads\/2020\/04\/IMG_2835-2048x2048.png 2048w, https:\/\/mamimimaestra.com\/wp-content\/uploads\/2020\/04\/IMG_2835-1140x1140.png 1140w, https:\/\/mamimimaestra.com\/wp-content\/uploads\/2020\/04\/IMG_2835-75x75.png 75w\" sizes=\"(max-width: 300px) 100vw, 300px\" \/><\/figure><\/div>\n","protected":false},"excerpt":{"rendered":"<p>Hola a todos, espero que est\u00e9is todos muy bien. Es cierto que transitamos un mundo ahora mismo muy ca\u00f3tico y lleno de cosas inesperadas, pero esa es la vida, la vida es devenir. Durante esta cuarentena, he ido notando como en momentos muy puntuales, los peque\u00f1os manifestaban una serie de emociones muy intensas, pod\u00edan estar jugando muy tranquilos y de repente el m\u00e1s m\u00ednimo cambio, los alteraba y el mayor incluso, momentos&nbsp;extremos&nbsp;de rabia, frustraci\u00f3n, ira etc. Todo ello, me hizo reflexionar y sentir la necesidad de proveer de alg\u00fan material que pudiera aliviar esa sensaci\u00f3n tan intensa que ten\u00edan. En casa ya utilizamos el rinc\u00f3n de la calma, para bajar el nivel de activaci\u00f3n que se produce ante emociones tan intensas como la rabia, la ira, la frustraci\u00f3n, nos funciona muy bien, pero durante la normalidad, durante este estado de alarma en el que estamos las 24 horas de los 7 d\u00edas de la semana encerrados entre las mismas cuatro paredes, las emociones se intensifican, se agudizan y no contamos con las mismas herramientas que cuando estamos en \u201clibertad\u201d como: el deporte, juegos al aire libre, los juegos cooperativos con otros amigos, la conexi\u00f3n con la naturaleza etc As\u00ed que decid\u00ed crear el \u201cRinc\u00f3n de la ira\u201d realmente son actividades sensoriales que a\u00f1adiremos a nuestro rinc\u00f3n de las emociones. Suena loco lo s\u00e9, pero es necesario, por lo menos para mi, que como os digo RECONOZCO que nos ha pasado y NO estamos haciendo las cosas mal aunque tengamos esos momentos tan intesos. No pasa nada por que un ni\u00f1o tenga un desborde emocional, pasa si no sabemos ayudarle y proporcionarle una contenci\u00f3n adecuada. Es de vital importancia legitimar la expresi\u00f3n de esta emoci\u00f3n ya que la tenemos muy negada, en seguida tendemos a se\u00f1alar: \u201c es que se porta mal\u201d, \u201ces que tiene pataletas\u201d Mediante este recurso estamos permitiendo que el ni\u00f1o se sienta en un ambiente seguro para poder experimentar todo el abanico de emociones que el ser humano posee, si nadie me contiene, me siento en peligro y lo m\u00e1s seguro es que me quiera defender, lo que se convertir\u00e1 en un facilitador para la agresividad. Por otro lado, si yo permito la expresi\u00f3n de esta emoci\u00f3n mi cerebro esta entendiendo que puedo PROCESAR esa emoci\u00f3n, pero si la niego, se queda como si no fuera algo m\u00edo, algo que estoy viviendo y me fragmento, por un lado entre una parte que se identifica con que no quiero estar enfadado y otra con que s\u00ed, lo que se convierte en una lucha interna, que queda en el incosciente y sabemos que todo lo que subyace en \u00e9l, tiende a salir y no de las mejores formas, hay que elevar al nivel de consciencia todo lo que experimentamos y vivimos.&nbsp;Lo que se hace inconsciente nos acaba dominando. Pero si reconozco esa emoci\u00f3n, si le doy nombre, si la abrazo, permito a mi cerebro que se integre, que la pueda \u201cetiquetar\u201d, que pueda saber a que situaci\u00f3n se enfrenta y de esa forma crear redes neuronales que puedan modular la manifestaci\u00f3n emocional intensa de la RABIA en este caso. Todo esto crea una fuente de autoestima y de salud mental en nuestros ni\u00f1os, al conocer nuestras emociones y PERMITIR que todas se expresen y APRENDER a modularlas o regularlas, es una herramienta para la vida, que siempre que echen mano les va a resultar de gran utilidad, como le dec\u00eda yo a mi hijo cuando le explicaba el nuevo rinc\u00f3n: \u201cojala y yo hubiese tenido alguien en mi infancia que velara por mi bienestar emocional des esta forma y me hubiese ense\u00f1ado todo esto, no hubiese tenido que aprender de los errores que he ido cometiendo durante toda mi vida y que sigo aprendiendo de ellos\u201d. Por ello este rinc\u00f3n les sirve para cuatro cosas: \u00bfQu\u00e9 recursos terap\u00e9uticos podemos utilizar? El primer paso es el reconocimiento de aquello que nos pasa en nuestra dimensi\u00f3n emocional para poder expresarlo sinceramente y transformarlo en energ\u00eda positiva.Desde peque\u00f1os podemos realizar este valioso entrenamiento. Espero que os haya gustado el post, si os ha gustado que lo pod\u00e1is compartir. Seguidme en Instagram para ver el video completo y actividades que hacemos en el d\u00eda a d\u00eda.<\/p>\n","protected":false},"author":1,"featured_media":1258,"comment_status":"open","ping_status":"open","sticky":false,"template":"","format":"standard","meta":[],"categories":[2,141,5,7],"tags":[236,234,24,237,32,194,112,33,239,240,43,49,115,153,235,238],"_links":{"self":[{"href":"https:\/\/mamimimaestra.com\/index.php?rest_route=\/wp\/v2\/posts\/1256"}],"collection":[{"href":"https:\/\/mamimimaestra.com\/index.php?rest_route=\/wp\/v2\/posts"}],"about":[{"href":"https:\/\/mamimimaestra.com\/index.php?rest_route=\/wp\/v2\/types\/post"}],"author":[{"embeddable":true,"href":"https:\/\/mamimimaestra.com\/index.php?rest_route=\/wp\/v2\/users\/1"}],"replies":[{"embeddable":true,"href":"https:\/\/mamimimaestra.com\/index.php?rest_route=%2Fwp%2Fv2%2Fcomments&post=1256"}],"version-history":[{"count":14,"href":"https:\/\/mamimimaestra.com\/index.php?rest_route=\/wp\/v2\/posts\/1256\/revisions"}],"predecessor-version":[{"id":1281,"href":"https:\/\/mamimimaestra.com\/index.php?rest_route=\/wp\/v2\/posts\/1256\/revisions\/1281"}],"wp:featuredmedia":[{"embeddable":true,"href":"https:\/\/mamimimaestra.com\/index.php?rest_route=\/wp\/v2\/media\/1258"}],"wp:attachment":[{"href":"https:\/\/mamimimaestra.com\/index.php?rest_route=%2Fwp%2Fv2%2Fmedia&parent=1256"}],"wp:term":[{"taxonomy":"category","embeddable":true,"href":"https:\/\/mamimimaestra.com\/index.php?rest_route=%2Fwp%2Fv2%2Fcategories&post=1256"},{"taxonomy":"post_tag","embeddable":true,"href":"https:\/\/mamimimaestra.com\/index.php?rest_route=%2Fwp%2Fv2%2Ftags&post=1256"}],"curies":[{"name":"wp","href":"https:\/\/api.w.org\/{rel}","templated":true}]}}