{"id":588,"date":"2017-11-15T18:55:04","date_gmt":"2017-11-15T18:55:04","guid":{"rendered":"https:\/\/mamimimaestra.wordpress.com\/?p=588"},"modified":"2017-11-15T18:55:04","modified_gmt":"2017-11-15T18:55:04","slug":"actividad-educativa-mezclar-colores-con-cuenta-gotas","status":"publish","type":"post","link":"https:\/\/mamimimaestra.com\/?p=588","title":{"rendered":"Actividad Educativa: Mezclar colores con cuenta gotas"},"content":{"rendered":"<div>\n<a href=\"https:\/\/mamimimaestra.files.wordpress.com\/2017\/11\/94634-img_5403.jpg\"><img loading=\"lazy\" class=\" aligncenter\" src=\"https:\/\/mamimimaestra.files.wordpress.com\/2017\/11\/94634-img_5403.jpg?w=225\" width=\"480\" height=\"640\" border=\"0\" \/><\/a><br \/>\n<span style=\"font-family:'helvetica neue', arial, helvetica, sans-serif;color:#000000;\">Hola, a todos, hoy quiero compartir una actividad que hizo mi ni\u00f1o, pero al preguntarme una amiga por actividades para esta edad, record\u00e9 esta y no quiero dejarla de lado.<\/span>\n<\/div>\n<div><span style=\"color:#000000;\">\u00a0<\/span><\/div>\n<div>\n<span style=\"font-family:'helvetica neue', arial, helvetica, sans-serif;\"><span style=\"color:#000000;\">Hoy vengo con una actividad de vida pr\u00e1ctica, inspirada en la metodolog\u00eda pedag\u00f3gica de Mar\u00eda Montessori, que por cierto, yo estudi\u00e9 parte de mi primaria bajo esta metodolog\u00eda y me resulta curioso y alentador que ahora este tan en tendencia. Un brev\u00edsimo resumen es que este m\u00e9todo\u00a0se\u00a0caracteriza por desarrollar en el ni\u00f1o la independencia, la libertad con l\u00edmites, respetar la psicolog\u00eda natural, el desarrollo f\u00edsico, emocional y social del ni\u00f1o. El ni\u00f1o es el que va desarrollando por si mismo su aprendizaje, el adulto es un observador que colabora, pero no influye determinantement<\/span><span style=\"color:#222222;\">e en su tarea de aprender. En esta actividad, no le decimos nosotros si esta bien o esta mal, el ni\u00f1o es libre de relacionar, mezclar y jugar con los materiales como \u00e9l considere, lo que los adultos permitimos es un ambiente preparado con materiales dise\u00f1ados y accesibles para el ni\u00f1o.<\/span><\/span>\n<\/div>\n<div><\/div>\n<p><!--more--><\/p>\n<div><\/div>\n<div>\n<span style=\"font-family:'helvetica neue', arial, helvetica, sans-serif;font-size:x-large;\"><span style=\"color:#222222;\"><b>\u00a0Actividad :\u00a0<\/b><\/span><\/span>\n<\/div>\n<div>\n<span style=\"color:#ff00ff;font-family:'helvetica neue', arial, helvetica, sans-serif;font-size:x-large;\"><b>Mezclamos colores con cuenta gotas.<\/b><\/span>\n<\/div>\n<p><span style=\"color:#222222;font-family:'helvetica neue', arial, helvetica, sans-serif;\"><b>\u00c1reas que trabaja:<\/b>\u00a0<\/span><br \/>\n<span style=\"color:#222222;font-family:'helvetica neue', arial, helvetica, sans-serif;\">Motricidad fina con el agarre en pinza, el cu\u00e1l prepara las manos para el agarre del l\u00e1piz para la escritura.<\/span><br \/>\n<span style=\"color:#222222;font-family:'helvetica neue', arial, helvetica, sans-serif;\">Coordinaci\u00f3n mano ojo<\/span><br \/>\n<span style=\"color:#222222;font-family:'helvetica neue', arial, helvetica, sans-serif;\">Atenci\u00f3n sostenida<\/span><br \/>\n<span style=\"color:#222222;font-family:'helvetica neue', arial, helvetica, sans-serif;\">Reforzamos el aprendizaje de los colores y creamos nuevos aprendizajes con colores nuevos.<\/span><br \/>\n<span style=\"color:#222222;font-family:'helvetica neue', arial, helvetica, sans-serif;\"><b>Materiales:\u00a0<\/b><\/span><br \/>\n<span style=\"color:#222222;font-family:'helvetica neue', arial, helvetica, sans-serif;\">1 cuenta gotas<\/span><br \/>\n<span style=\"color:#222222;font-family:'helvetica neue', arial, helvetica, sans-serif;\">1 cubitera<\/span><br \/>\n<span style=\"color:#222222;font-family:'helvetica neue', arial, helvetica, sans-serif;\">Agua\u00a0<\/span><br \/>\n<span style=\"color:#222222;font-family:'helvetica neue', arial, helvetica, sans-serif;\">Colorante alimenticio.<\/span><br \/>\n<span style=\"color:#222222;font-family:'helvetica neue', arial, helvetica, sans-serif;\"><br \/>\n<\/span><span style=\"color:#222222;font-family:'helvetica neue', arial, helvetica, sans-serif;\">La actividad consiste en ir llenando los huecos de la cubitera de izquierda a derecha, tal y como se escribe en nuestra lengua, el ni\u00f1o hace el agarre con los dedos en pinza coge el agua y la suelta en los distintos huecos de la cubitera.<\/span><br \/>\n<span style=\"color:#222222;font-family:'helvetica neue', arial, helvetica, sans-serif;\">Liam es inquieto y el pon\u00eda el agua y mezclaba los colores como quer\u00eda, no guardaba un orden, por lo que yo no le dec\u00eda nada, \u00e9l ni\u00f1o es el que debe marcar la pauta, si esta interesado realizando la actividad a su manera, eso es lo que buscamos, autonom\u00eda y libertad.<\/span><br \/>\n<span style=\"color:#222222;font-family:'helvetica neue', arial, helvetica, sans-serif;\">A la vez que iba poniendo un color, yo le reforzaba el aprendizaje preguntando, que color es? y en ingl\u00e9s? de esta manera se divirti\u00f3 mucho y adem\u00e1s aprendi\u00f3. No le decimos al ni\u00f1o, as\u00ed no o eso esta mal, porque ese no es el objetivo de la actividad.<\/span><\/p>\n<p class=\"separator\"><a href=\"https:\/\/mamimimaestra.files.wordpress.com\/2017\/11\/0e0a5-img_5409.jpg\"><img loading=\"lazy\" class=\"aligncenter\" src=\"https:\/\/mamimimaestra.files.wordpress.com\/2017\/11\/0e0a5-img_5409.jpg?w=225\" width=\"480\" height=\"640\" border=\"0\" \/><\/a><\/p>\n<p class=\"separator\" style=\"text-align:center;\"><a href=\"https:\/\/mamimimaestra.files.wordpress.com\/2017\/11\/30497-img_5413.jpg\"><img loading=\"lazy\" src=\"https:\/\/mamimimaestra.files.wordpress.com\/2017\/11\/30497-img_5413.jpg?w=225\" width=\"480\" height=\"640\" border=\"0\" \/><\/a><\/p>\n<p class=\"separator\" style=\"text-align:center;\"><a href=\"https:\/\/mamimimaestra.files.wordpress.com\/2017\/11\/87d56-img_5421.jpg\"><img loading=\"lazy\" src=\"https:\/\/mamimimaestra.files.wordpress.com\/2017\/11\/87d56-img_5421.jpg?w=225\" width=\"480\" height=\"640\" border=\"0\" \/><\/a><\/p>\n<p class=\"separator\"><a href=\"https:\/\/mamimimaestra.files.wordpress.com\/2017\/11\/fd799-img_5430.jpg\"><img loading=\"lazy\" class=\"aligncenter\" src=\"https:\/\/mamimimaestra.files.wordpress.com\/2017\/11\/fd799-img_5430.jpg?w=225\" width=\"480\" height=\"640\" border=\"0\" \/><\/a><\/p>\n<p class=\"separator\"><span style=\"font-size:xx-large;\">Espero que os haya gustado y como siempre inspire para trabajar con nuestros ni\u00f1os. M\u00e1s en <a href=\"https:\/\/www.instagram.com\/mamimimaestra\/\">@mamimimaestra<\/a> y <a href=\"https:\/\/www.instagram.com\/joypq.mommy\/\">@joypq.mommy<\/a><\/span><\/p>\n<p class=\"separator\"><span style=\"font-size:xx-large;\">\u00abLos padres solo adecuamos el terreno en el que nuestros hijos han de florecer\u00bb<\/span><\/p>\n<p class=\"separator\"><span style=\"font-size:xx-large;\">Joyce P<\/span><\/p>\n","protected":false},"excerpt":{"rendered":"<p>Hola, a todos, hoy quiero compartir una actividad que hizo mi ni\u00f1o, pero al preguntarme una amiga por actividades para esta edad, record\u00e9 esta y no quiero dejarla de lado. \u00a0 Hoy vengo con una actividad de vida pr\u00e1ctica, inspirada en la metodolog\u00eda pedag\u00f3gica de Mar\u00eda Montessori, que por cierto, yo estudi\u00e9 parte de mi primaria bajo esta metodolog\u00eda y me resulta curioso y alentador que ahora este tan en tendencia. Un brev\u00edsimo resumen es que este m\u00e9todo\u00a0se\u00a0caracteriza por desarrollar en el ni\u00f1o la independencia, la libertad con l\u00edmites, respetar la psicolog\u00eda natural, el desarrollo f\u00edsico, emocional y social del ni\u00f1o. El ni\u00f1o es el que va desarrollando por si mismo su aprendizaje, el adulto es un observador que colabora, pero no influye determinantemente en su tarea de aprender. En esta actividad, no le decimos nosotros si esta bien o esta mal, el ni\u00f1o es libre de relacionar, mezclar y jugar con los materiales como \u00e9l considere, lo que los adultos permitimos es un ambiente preparado con materiales dise\u00f1ados y accesibles para el ni\u00f1o.<\/p>\n","protected":false},"author":2,"featured_media":0,"comment_status":"open","ping_status":"open","sticky":false,"template":"","format":"standard","meta":[],"categories":[2,1],"tags":[],"_links":{"self":[{"href":"https:\/\/mamimimaestra.com\/index.php?rest_route=\/wp\/v2\/posts\/588"}],"collection":[{"href":"https:\/\/mamimimaestra.com\/index.php?rest_route=\/wp\/v2\/posts"}],"about":[{"href":"https:\/\/mamimimaestra.com\/index.php?rest_route=\/wp\/v2\/types\/post"}],"author":[{"embeddable":true,"href":"https:\/\/mamimimaestra.com\/index.php?rest_route=\/wp\/v2\/users\/2"}],"replies":[{"embeddable":true,"href":"https:\/\/mamimimaestra.com\/index.php?rest_route=%2Fwp%2Fv2%2Fcomments&post=588"}],"version-history":[{"count":0,"href":"https:\/\/mamimimaestra.com\/index.php?rest_route=\/wp\/v2\/posts\/588\/revisions"}],"wp:attachment":[{"href":"https:\/\/mamimimaestra.com\/index.php?rest_route=%2Fwp%2Fv2%2Fmedia&parent=588"}],"wp:term":[{"taxonomy":"category","embeddable":true,"href":"https:\/\/mamimimaestra.com\/index.php?rest_route=%2Fwp%2Fv2%2Fcategories&post=588"},{"taxonomy":"post_tag","embeddable":true,"href":"https:\/\/mamimimaestra.com\/index.php?rest_route=%2Fwp%2Fv2%2Ftags&post=588"}],"curies":[{"name":"wp","href":"https:\/\/api.w.org\/{rel}","templated":true}]}}