{"id":914,"date":"2018-09-22T10:35:08","date_gmt":"2018-09-22T10:35:08","guid":{"rendered":"http:\/\/mamimimaestra.com\/?p=914"},"modified":"2018-09-22T11:28:46","modified_gmt":"2018-09-22T11:28:46","slug":"recomendacion-de-mayor-quiero-ser-feliz","status":"publish","type":"post","link":"https:\/\/mamimimaestra.com\/?p=914","title":{"rendered":"[Mami recomienda] De mayor quiero ser feliz.."},"content":{"rendered":"<p><img loading=\"lazy\" class=\"wp-image-917 aligncenter\" src=\"http:\/\/mamimimaestra.com\/wp-content\/uploads\/2018\/09\/Quieroserfelizlibro-1.jpg\" alt=\"\" width=\"508\" height=\"677\" srcset=\"https:\/\/mamimimaestra.com\/wp-content\/uploads\/2018\/09\/Quieroserfelizlibro-1.jpg 2250w, https:\/\/mamimimaestra.com\/wp-content\/uploads\/2018\/09\/Quieroserfelizlibro-1-225x300.jpg 225w, https:\/\/mamimimaestra.com\/wp-content\/uploads\/2018\/09\/Quieroserfelizlibro-1-768x1024.jpg 768w, https:\/\/mamimimaestra.com\/wp-content\/uploads\/2018\/09\/Quieroserfelizlibro-1-45x60.jpg 45w\" sizes=\"(max-width: 508px) 100vw, 508px\" \/><\/p>\n<p><strong>Buenas, buenas por aqu\u00ed, estamos de enhorabuena porqu\u00e9 es mi primera entrada con el dominio propio yeyyyy! <\/strong><\/p>\n<p><strong>Hab\u00eda tenido ciertos problemas para acceder, pero aqu\u00ed estar\u00e9 compartiendo con todos vosotros, los post no ser\u00e1n excesivamente largos, tendr\u00e1n lo justo y os agradecer\u00eda mucho vuestro feed back.<\/strong><\/p>\n<p>Hoy vengo con una recomendaci\u00f3n, <a href=\"https:\/\/www.instagram.com\/dmqsfeliz\/\"><strong>\u00abDe mayor quiero ser feliz\u00bb<\/strong><\/a>, s\u00ed amigos, este es el t\u00edtulo del libro escrito por Anna, no vengo a recomendaros una cosa m\u00e1s, me tomo muy enserio cuando cae un bonito libro en mis manos.<\/p>\n<p><img loading=\"lazy\" class=\"wp-image-919 aligncenter\" src=\"http:\/\/mamimimaestra.com\/wp-content\/uploads\/2018\/09\/DMQSF.jpg\" alt=\"\" width=\"675\" height=\"596\" srcset=\"https:\/\/mamimimaestra.com\/wp-content\/uploads\/2018\/09\/DMQSF.jpg 2863w, https:\/\/mamimimaestra.com\/wp-content\/uploads\/2018\/09\/DMQSF-300x265.jpg 300w, https:\/\/mamimimaestra.com\/wp-content\/uploads\/2018\/09\/DMQSF-768x679.jpg 768w, https:\/\/mamimimaestra.com\/wp-content\/uploads\/2018\/09\/DMQSF-1024x905.jpg 1024w, https:\/\/mamimimaestra.com\/wp-content\/uploads\/2018\/09\/DMQSF-68x60.jpg 68w\" sizes=\"(max-width: 675px) 100vw, 675px\" \/><\/p>\n<p>Este tiene 6 cuentos cortos para potenciar en nuestros ni\u00f1os a ser positivos, asertivos, emp\u00e1ticos, agradecidos, con tolerancia a la frustraci\u00f3n etc, esta dise\u00f1ado de una forma muy sencilla de modo que los ni\u00f1os lo pueden entender a la perfecci\u00f3n, la ilustraci\u00f3n muy cuidada y bonita al igual que el tama\u00f1o, muy adecuado para poder leer a varios ni\u00f1os a la vez si es el caso.<\/p>\n<p>El libro desde los 4 a\u00f1os que tiene mi hijo es completamente entendible, hemos le\u00eddo los cuentos y con el que m\u00e1s se queda es con el de \u00abla mochila\u00bb \u00bfde qu\u00e9 va? Pues lo podr\u00e9is descubrir si os hac\u00e9is con \u00e9l, tanto si sois padres, como maestros es un libro recomendado para trabajar todos estos aspectos que de normal se dejan de lado y se van trabajando a la \u00abmarcheta\u00bb pues para mi, la educaci\u00f3n emocional y en valores, es necesaria desde bien temprana edad, el saber asumir que no siempre vamos a ganar, pero que siempre lo vamos a intentar, que nuestras palabras determinan lo que somos, que podemos elegir con que actitud nos levantamos cada ma\u00f1ana, todo esto es vital en la vida de nuestros peque\u00f1os, son herramientas que nos agradecer\u00e1n a lo largo de su vida.<\/p>\n<p><strong>Os lo recomiendo mucho ya que esta escrito con el coraz\u00f3n, mucho sentido com\u00fan y con un contenido pleno de recursos muy necesarios para nuestros peque\u00f1os.<\/strong><\/p>\n<p><strong><img loading=\"lazy\" class=\"wp-image-920 aligncenter\" src=\"http:\/\/mamimimaestra.com\/wp-content\/uploads\/2018\/09\/IMG_7392.jpg\" alt=\"\" width=\"715\" height=\"679\" srcset=\"https:\/\/mamimimaestra.com\/wp-content\/uploads\/2018\/09\/IMG_7392.jpg 2762w, https:\/\/mamimimaestra.com\/wp-content\/uploads\/2018\/09\/IMG_7392-300x285.jpg 300w, https:\/\/mamimimaestra.com\/wp-content\/uploads\/2018\/09\/IMG_7392-768x729.jpg 768w, https:\/\/mamimimaestra.com\/wp-content\/uploads\/2018\/09\/IMG_7392-1024x972.jpg 1024w, https:\/\/mamimimaestra.com\/wp-content\/uploads\/2018\/09\/IMG_7392-63x60.jpg 63w\" sizes=\"(max-width: 715px) 100vw, 715px\" \/><\/strong><\/p>\n<ul>\n<li><strong>Contadme, \u00bfos gustar\u00eda haceros con un ejemplar? <\/strong><\/li>\n<li><strong>\u00bfConsider\u00e1is que es importante inculcar estos aspectos desde la temprana edad?<\/strong><\/li>\n<\/ul>\n<p><strong>Para culminar, lo har\u00e9 con esta p\u00e1gina del libro y esta frase: <\/strong><\/p>\n<p><strong>\u00abPodemos ense\u00f1arles que somos nosotros mismos los que decidimos con qu\u00e9 actitud nos levantamos cada ma\u00f1ana y c\u00f3mo empezamos el d\u00eda. \u00bfY c\u00f3mo? \u00a1Con nuestro ejemplo! Los ni\u00f1os aprenden por imitaci\u00f3n. Pero adem\u00e1s podemos utilizar una herramienta que les encanta: LOS CUENTOS\u00bb Y aqu\u00ed ten\u00e9is uno que os recomiendo de coraz\u00f3n.<\/strong><\/p>\n<p>&nbsp;<\/p>\n<p>Espero que os haya gustado la recomendaci\u00f3n del d\u00eda y nos seguimos viendo por instagram, ya sab\u00e9is que uso los dos<\/p>\n<p><strong><a href=\"https:\/\/www.instagram.com\/joypq.mommy\/\">@joypq.mommy<\/a><\/strong><\/p>\n<p><strong><a href=\"https:\/\/www.instagram.com\/mamimimaestra\/\">@mamimimaestra<\/a><\/strong><\/p>\n<p>Estar\u00e9 con m\u00e1s frecuencia por aqu\u00ed, para dejaros todo lo que se me pase por la cabeza y os pueda resultar interesante.<\/p>\n<p>Os recuerdo que estamos de Sorteo en mi perfil de\u00a0<strong><a href=\"https:\/\/www.instagram.com\/joypq.mommy\/\">@joypq.mommy<\/a><\/strong><\/p>\n<p>&nbsp;<\/p>\n<p>Un abrazo enorme y MIL GRACIAS POR PASAR POR AQU\u00cd, significa mucho para mi.<\/p>\n<p>&nbsp;<\/p>\n","protected":false},"excerpt":{"rendered":"<p>Buenas, buenas por aqu\u00ed, estamos de enhorabuena porqu\u00e9 es mi primera entrada con el dominio propio yeyyyy! Hab\u00eda tenido ciertos problemas para acceder, pero aqu\u00ed estar\u00e9 compartiendo con todos vosotros, los post no ser\u00e1n excesivamente largos, tendr\u00e1n lo justo y os agradecer\u00eda mucho vuestro feed back. Hoy vengo con una recomendaci\u00f3n, \u00abDe mayor quiero ser feliz\u00bb, s\u00ed amigos, este es el t\u00edtulo del libro escrito por Anna, no vengo a recomendaros una cosa m\u00e1s, me tomo muy enserio cuando cae un bonito libro en mis manos. Este tiene 6 cuentos cortos para potenciar en nuestros ni\u00f1os a ser positivos, asertivos, emp\u00e1ticos, agradecidos, con tolerancia a la frustraci\u00f3n etc, esta dise\u00f1ado de una forma muy sencilla de modo que los ni\u00f1os lo pueden entender a la perfecci\u00f3n, la ilustraci\u00f3n muy cuidada y bonita al igual que el tama\u00f1o, muy adecuado para poder leer a varios ni\u00f1os a la vez si es el caso. El libro desde los 4 a\u00f1os que tiene mi hijo es completamente entendible, hemos le\u00eddo los cuentos y con el que m\u00e1s se queda es con el de \u00abla mochila\u00bb \u00bfde qu\u00e9 va? Pues lo podr\u00e9is descubrir si os hac\u00e9is con \u00e9l, tanto si sois padres, como maestros es un libro recomendado para trabajar todos estos aspectos que de normal se dejan de lado y se van trabajando a la \u00abmarcheta\u00bb pues para mi, la educaci\u00f3n emocional y en valores, es necesaria desde bien temprana edad, el saber asumir que no siempre vamos a ganar, pero que siempre lo vamos a intentar, que nuestras palabras determinan lo que somos, que podemos elegir con que actitud nos levantamos cada ma\u00f1ana, todo esto es vital en la vida de nuestros peque\u00f1os, son herramientas que nos agradecer\u00e1n a lo largo de su vida. Os lo recomiendo mucho ya que esta escrito con el coraz\u00f3n, mucho sentido com\u00fan y con un contenido pleno de recursos muy necesarios para nuestros peque\u00f1os. Contadme, \u00bfos gustar\u00eda haceros con un ejemplar? \u00bfConsider\u00e1is que es importante inculcar estos aspectos desde la temprana edad? Para culminar, lo har\u00e9 con esta p\u00e1gina del libro y esta frase: \u00abPodemos ense\u00f1arles que somos nosotros mismos los que decidimos con qu\u00e9 actitud nos levantamos cada ma\u00f1ana y c\u00f3mo empezamos el d\u00eda. \u00bfY c\u00f3mo? \u00a1Con nuestro ejemplo! Los ni\u00f1os aprenden por imitaci\u00f3n. Pero adem\u00e1s podemos utilizar una herramienta que les encanta: LOS CUENTOS\u00bb Y aqu\u00ed ten\u00e9is uno que os recomiendo de coraz\u00f3n. &nbsp; Espero que os haya gustado la recomendaci\u00f3n del d\u00eda y nos seguimos viendo por instagram, ya sab\u00e9is que uso los dos @joypq.mommy @mamimimaestra Estar\u00e9 con m\u00e1s frecuencia por aqu\u00ed, para dejaros todo lo que se me pase por la cabeza y os pueda resultar interesante. Os recuerdo que estamos de Sorteo en mi perfil de\u00a0@joypq.mommy &nbsp; Un abrazo enorme y MIL GRACIAS POR PASAR POR AQU\u00cd, significa mucho para mi. &nbsp;<\/p>\n","protected":false},"author":1,"featured_media":917,"comment_status":"open","ping_status":"open","sticky":false,"template":"","format":"standard","meta":[],"categories":[4,5,7],"tags":[74,32,71,72,73,70,68],"_links":{"self":[{"href":"https:\/\/mamimimaestra.com\/index.php?rest_route=\/wp\/v2\/posts\/914"}],"collection":[{"href":"https:\/\/mamimimaestra.com\/index.php?rest_route=\/wp\/v2\/posts"}],"about":[{"href":"https:\/\/mamimimaestra.com\/index.php?rest_route=\/wp\/v2\/types\/post"}],"author":[{"embeddable":true,"href":"https:\/\/mamimimaestra.com\/index.php?rest_route=\/wp\/v2\/users\/1"}],"replies":[{"embeddable":true,"href":"https:\/\/mamimimaestra.com\/index.php?rest_route=%2Fwp%2Fv2%2Fcomments&post=914"}],"version-history":[{"count":6,"href":"https:\/\/mamimimaestra.com\/index.php?rest_route=\/wp\/v2\/posts\/914\/revisions"}],"predecessor-version":[{"id":932,"href":"https:\/\/mamimimaestra.com\/index.php?rest_route=\/wp\/v2\/posts\/914\/revisions\/932"}],"wp:featuredmedia":[{"embeddable":true,"href":"https:\/\/mamimimaestra.com\/index.php?rest_route=\/wp\/v2\/media\/917"}],"wp:attachment":[{"href":"https:\/\/mamimimaestra.com\/index.php?rest_route=%2Fwp%2Fv2%2Fmedia&parent=914"}],"wp:term":[{"taxonomy":"category","embeddable":true,"href":"https:\/\/mamimimaestra.com\/index.php?rest_route=%2Fwp%2Fv2%2Fcategories&post=914"},{"taxonomy":"post_tag","embeddable":true,"href":"https:\/\/mamimimaestra.com\/index.php?rest_route=%2Fwp%2Fv2%2Ftags&post=914"}],"curies":[{"name":"wp","href":"https:\/\/api.w.org\/{rel}","templated":true}]}}